{"id":13156,"date":"2025-07-04T08:45:11","date_gmt":"2025-07-04T06:45:11","guid":{"rendered":"https:\/\/www.oravskyhaj.sk\/gdzie-wybrac-sie-z-dziecmi-podczas-wakacji-w-orave-na-slowacji\/"},"modified":"2025-07-04T08:45:11","modified_gmt":"2025-07-04T06:45:11","slug":"gdzie-wybrac-sie-z-dziecmi-podczas-wakacji-w-orave-na-slowacji","status":"publish","type":"post","link":"https:\/\/www.oravskyhaj.sk\/pl\/gdzie-wybrac-sie-z-dziecmi-podczas-wakacji-w-orave-na-slowacji\/","title":{"rendered":"Gdzie wybra\u0107 si\u0119 z dzie\u0107mi podczas wakacji w Orave na S\u0142owacji?"},"content":{"rendered":"<p>Je\u015bli zastanawiasz si\u0119: \u201eGdzie pojecha\u0107 z dzie\u0107mi na wakacje?\u201d, Orawa to jeden z najlepszych kierunk\u00f3w w Polsce i na S\u0142owacji. Ten malowniczy region oferuje mn\u00f3stwo mo\u017cliwo\u015bci odpoczynku i przyg\u00f3d dla ca\u0142ych rodzin. Po\u0142\u0105czenie pi\u0119knej przyrody, dost\u0119pnych atrakcji i rodzinnego zakwaterowania sprawia, \u017ce dzieci b\u0119d\u0105 si\u0119 \u015bwietnie bawi\u0107, a rodzice wreszcie odpoczn\u0105.<\/p>\n<p>Jednym z najciekawszych miejsc na <a href=\"https:\/\/booking.oravskyhaj.sk\/\"><strong>rodzinny pobyt<\/strong><\/a> jest resort Oravsk\u00fd H\u00e1j. To nie tylko komfortowe noclegi i pyszna kuchnia, ale te\u017c wiele atrakcji w samym o\u015brodku oraz w jego okolicy. Wakacje sp\u0119dzone tutaj to gwarancja niezapomnianych chwil w sercu natury. <\/p>\n<h4>\u015aniadanie i wieczorny wellness \u2013 pocz\u0105tek i zako\u0144czenie ka\u017cdej przygody<\/h4>\n<p>Ka\u017cdy dzie\u0144 warto rozpocz\u0105\u0107 od obfitego \u015bniadania w Oravskim Haju \u2013 pe\u0142nego smak\u00f3w, kt\u00f3re dodadz\u0105 energii ma\u0142ym i du\u017cym podr\u00f3\u017cnikom. <\/p>\n<p>Po powrocie z wycieczki czeka zas\u0142u\u017cony relaks w centrum wellness z basenem, jacuzzi i saun\u0105. Rodzice odpoczn\u0105, a dzieci nadal b\u0119d\u0105 mia\u0142y gdzie si\u0119 wyszale\u0107. Latem dodatkowo dost\u0119pny jest tak\u017ce zewn\u0119trzny bio-basen.  <\/p>\n<h4>Co robi\u0107 z dzie\u0107mi na Orawie latem?<\/h4>\n<p><strong>1. Zamek Orawski<\/strong> \u2013 bajkowa przygoda dla ma\u0142ych odkrywc\u00f3w<\/p>\n<p>Wizyta w kultowym zamku Oravsk\u00fd hrad jest obowi\u0105zkowym punktem programu. Dzieci z pewno\u015bci\u0105 zainteresuj\u0105 si\u0119 fascynuj\u0105cymi pokazami z udzia\u0142em aktor\u00f3w w kostiumach historycznych, opowie\u015bciami o rycerzach i prezentacjami broni. <a href=\"https:\/\/www.oravskemuzeum.sk\/expozicie\/oravsky-hrad\/\" rel=\"nofollow\"><strong>Zamek Orawsky<\/strong><\/a> oferuje naprawd\u0119 imponuj\u0105cy widok na ca\u0142\u0105 okolic\u0119, a jego majestatyczno\u015b\u0107 zachwyca wszystkich odwiedzaj\u0105cych, zar\u00f3wno dzieci, jak i doros\u0142ych. <\/p>\n<p><strong>2. Skansen w Zubercu<\/strong> \u2013 podr\u00f3\u017c do przesz\u0142o\u015bci<\/p>\n<p>W Muzeum wsi orawskiej w Zubercu dzieci i doro\u015bli dowiedz\u0105 si\u0119, jak kiedy\u015b \u017cyto na wsi orawskiej. Czekaj\u0105 na nich stare chaty, m\u0142yn, sza\u0142as pasterski, a nawet owce. A tak\u017ce historyczne rzemios\u0142a i przedmioty codziennego u\u017cytku naszych przodk\u00f3w. Skansen znajduje si\u0119 w \u015brodku lasu, wi\u0119c jest to niezapomniane prze\u017cycie i, \u017ce tak powiem, obowi\u0105zkowy punkt programu podczas wizyty w Orawie.   <\/p>\n<p><strong>3. Kolejka le\u015bna w Orawie<\/strong> \u2013 r\u00f3wnie\u017c dla najm\u0142odszych<strong><br \/>\n<\/strong><\/p>\n<p>Malownicza przeja\u017cd\u017cka poci\u0105giem przez las sprawi rado\u015b\u0107 ka\u017cdemu dziecku. Kolejka le\u015bna w Orawie oferuje widoki na okoliczn\u0105 przyrod\u0119 i niezapomniane wra\u017cenia z przeja\u017cd\u017cki zabytkow\u0105 lokomotyw\u0105. Znajduje si\u0119 w miejscowo\u015bci Oravsk\u00e1 Lesn\u00e1 i kursuje r\u00f3wnie\u017c w weekendy i \u015bwi\u0119ta pa\u0144stwowe.  <\/p>\n<p><strong>4. Trasa rowerowa z widokiem na Tatry<\/strong> \u2013 wypo\u017cyczamy rowery<\/p>\n<p>W pobli\u017cu resortu biegnie popularna trasa z Trsten\u00e1 do Suchej Hory, przez granic\u0119 a\u017c do Nowego Targu. Ma 35 km i \u015bwietnie nadaje si\u0119 r\u00f3wnie\u017c dla dzieci. Na trasie s\u0105 miejsca na odpoczynek i bufet, a widoki na Tatry zapieraj\u0105 dech w piersiach. Rowery wypo\u017cyczysz bezpo\u015brednio w recepcji.   <\/p>\n<p><strong>5. Rejs statkiem po zaporze na rze Orava<\/strong> \u2013 wycieczka na wysp\u0119 Slanick\u00fd ostrov<\/p>\n<p>Rejs statkiem po zaporze na rzece Orava nale\u017cy do najpopularniejszych atrakcji dla dzieci i m\u0142odzie\u017cy. Port znajduje si\u0119 zaledwie 15 kilometr\u00f3w od Oravskiego Haja, a statek kursuje regularnie przez ca\u0142e lato. Odwied\u017acie wysp\u0119 sztuki Slanick\u00fd ostrov umenia i podziwiajcie wspania\u0142e widoki z powierzchni zapory na rzece Orava.  <\/p>\n<p><a href=\"https:\/\/www.oravskyhaj.sk\/wp-content\/uploads\/2025\/07\/kam-s-detmi-cez-letne-prazdniny-plavba-lodou.jpeg\"><img fetchpriority=\"high\" decoding=\"async\" class=\"aligncenter wp-image-10697 size-large\" src=\"https:\/\/www.oravskyhaj.sk\/wp-content\/uploads\/2025\/07\/kam-s-detmi-cez-letne-prazdniny-plavba-lodou-e1751611389674-1024x589.jpeg\" alt=\"gdzie z dzie\u0107mi sp\u0119dzi\u0107 wakacje rejs statkiem\" width=\"1024\" height=\"589\" srcset=\"https:\/\/www.oravskyhaj.sk\/wp-content\/uploads\/2025\/07\/kam-s-detmi-cez-letne-prazdniny-plavba-lodou-e1751611389674-1024x589.jpeg 1024w, https:\/\/www.oravskyhaj.sk\/wp-content\/uploads\/2025\/07\/kam-s-detmi-cez-letne-prazdniny-plavba-lodou-e1751611389674-300x173.jpeg 300w, https:\/\/www.oravskyhaj.sk\/wp-content\/uploads\/2025\/07\/kam-s-detmi-cez-letne-prazdniny-plavba-lodou-e1751611389674-768x442.jpeg 768w, https:\/\/www.oravskyhaj.sk\/wp-content\/uploads\/2025\/07\/kam-s-detmi-cez-letne-prazdniny-plavba-lodou-e1751611389674-1536x883.jpeg 1536w, https:\/\/www.oravskyhaj.sk\/wp-content\/uploads\/2025\/07\/kam-s-detmi-cez-letne-prazdniny-plavba-lodou-e1751611389674-350x200.jpeg 350w, https:\/\/www.oravskyhaj.sk\/wp-content\/uploads\/2025\/07\/kam-s-detmi-cez-letne-prazdniny-plavba-lodou-e1751611389674.jpeg 1600w\" sizes=\"(max-width: 1024px) 100vw, 1024px\" \/><\/a><\/p>\n<h4>Wycieczka za granic\u0119: polskie atrakcje dla dzieci<\/h4>\n<p>Zaledwie kilka kilometr\u00f3w od Oravskiego Haja znajduje si\u0119 wiele atrakcji dla rodzin w Polsce, kt\u00f3re warto odwiedzi\u0107 podczas jednodniowej wycieczki:<\/p>\n<p><strong>1. Park rozrywki Rabkoland<\/strong><\/p>\n<p>Rabkoland w Rabce-Zdr\u00f3j jest idealnym miejscem dla dzieci w wieku od 2 do 12 lat. Oferuje wiele karuzeli, stref tematycznych, bajkowych dekoracji i zabawnych pokaz\u00f3w. <\/p>\n<p><strong>2. Chocholowskie Termy<\/strong><\/p>\n<p>Najwi\u0119kszy kompleks termalny w regionie Tatr posiada strefy dla dzieci, zje\u017cd\u017calnie, \u015blizgawki i baseny relaksacyjne dla rodzic\u00f3w.<\/p>\n<p><strong>3. Mini ZOO Tatrza\u0144ski Park Edukacyjny<\/strong><\/p>\n<p>W Zakopanem dzieci mog\u0105 pog\u0142aska\u0107 i nakarmi\u0107 zwierz\u0119ta, zobaczy\u0107 nied\u017awiedzie i sowy oraz wzi\u0105\u0107 udzia\u0142 w grach przyrodniczych. Miasto Zakopane nazywane jest r\u00f3wnie\u017c stolic\u0105 polskich Tatr i oferuje ogromn\u0105 ilo\u015b\u0107 wyj\u0105tkowych atrakcji i zaj\u0119\u0107. <a href=\"https:\/\/www.oravskyhaj.sk\/objavte-zakopane-polska-destinacia-oravsky-haj\/\"><strong>Wi\u0119cej informacji na temat atrakcji w Zakopanem<\/strong><\/a> mo\u017cna znale\u017a\u0107 na naszej stronie internetowej. <\/p>\n<h4>Atrakcje w samym Oravskim Haju \u2013 gdy nie chce si\u0119 nigdzie jecha\u0107<\/h4>\n<p>Nawet je\u015bli nie masz ochoty nigdzie wyje\u017cd\u017ca\u0107 lub pogoda nie sprzyja, przygotowali\u015bmy dla Twoich dzieci wiele atrakcji. Mo\u017cesz do\u0142\u0105czy\u0107 do wielu z nich i sp\u0119dzi\u0107 razem pi\u0119kne rodzinne chwile. <\/p>\n<ul>\n<li>Plac zabaw z hu\u015btawkami i drabinkami<\/li>\n<li>MiniZOO z g\u0119siami, kurami, ko\u0144mi, kr\u00f3likami<\/li>\n<li>Staw z mo\u017cliwo\u015bci\u0105 p\u0142ywania \u0142\u00f3dk\u0105 i \u0142owienia ryb<\/li>\n<li>Jazda konna lub bryczk\u0105, szko\u0142a jazdy konnej dla dzieci i doros\u0142ych<\/li>\n<li>Rodzinne trasy rowerowe bezpo\u015brednio z o\u015brodka<\/li>\n<li>Nowoczesny obiekt sportowy na terenie o\u015brodka, kort tenisowy i boisko do koszyk\u00f3wki<\/li>\n<li>Wieczorne pieczenie przy ognisku i kosz piknikowy<\/li>\n<li>Animatorzy, kt\u00f3rzy zapewni\u0105 rozrywk\u0119 Twoim dzieciom przez ca\u0142e lato!<\/li>\n<li>Dmuchane zamki i atrakcje<\/li>\n<\/ul>\n<figure id=\"attachment_10693\" aria-describedby=\"caption-attachment-10693\" style=\"width: 900px\" class=\"wp-caption aligncenter\"><a href=\"https:\/\/www.oravskyhaj.sk\/wp-content\/uploads\/2025\/07\/Jazdenie-na-koni-orava.jpg\"><img decoding=\"async\" class=\"size-large wp-image-10693\" src=\"https:\/\/www.oravskyhaj.sk\/wp-content\/uploads\/2025\/07\/Jazdenie-na-koni-orava-1024x521.jpg\" alt=\"Jazda konna na Orava\" width=\"900\" height=\"458\" srcset=\"https:\/\/www.oravskyhaj.sk\/wp-content\/uploads\/2025\/07\/Jazdenie-na-koni-orava-1024x521.jpg 1024w, https:\/\/www.oravskyhaj.sk\/wp-content\/uploads\/2025\/07\/Jazdenie-na-koni-orava-300x153.jpg 300w, https:\/\/www.oravskyhaj.sk\/wp-content\/uploads\/2025\/07\/Jazdenie-na-koni-orava-768x391.jpg 768w, https:\/\/www.oravskyhaj.sk\/wp-content\/uploads\/2025\/07\/Jazdenie-na-koni-orava-1536x782.jpg 1536w, https:\/\/www.oravskyhaj.sk\/wp-content\/uploads\/2025\/07\/Jazdenie-na-koni-orava-2048x1042.jpg 2048w\" sizes=\"(max-width: 900px) 100vw, 900px\" \/><\/a><figcaption id=\"caption-attachment-10693\" class=\"wp-caption-text\">Mo\u017cesz zapisa\u0107 swoje dzieci na kurs jazdy konnej.<\/figcaption><\/figure>\n<p>&nbsp;<\/p>\n<p><strong>Wskaz\u00f3wki dotycz\u0105ce letnich wakacji z dzie\u0107mi \u2013 o czym nie zapomnie\u0107?<\/strong><\/p>\n<p>\u2705 Planuj wycieczki z przerwami na odpoczynek<br \/>\n\u2705 Nie zapomnij o strojach k\u0105pielowych \u2013 orze\u017awisz si\u0119 w naszych basenach<br \/>\n\u2705 Skorzystaj z wypo\u017cyczalni rower\u00f3w \u2013 wycieczki rowerowe s\u0105 bezpieczne i przyjemne<br \/>\n\u2705 Przygotuj aparat fotograficzny \u2013 widoki na Orava s\u0105 tego warte<br \/>\n\u2705 Nie zapomnij o relaksie \u2013 wieczorne wellness w Oravsk\u00fd H\u00e1j jest do tego idealnym miejscem<\/p>\n<h4>Letnie wakacje z dzie\u0107mi? Orawa ma wszystko! <\/h4>\n<p>Niezale\u017cnie od tego, czy jeste\u015bcie mi\u0142o\u015bnikami przyrody, zamk\u00f3w, rozrywki czy relaksu \u2013 Orava to doskona\u0142y wyb\u00f3r na letnie wakacje z dzie\u0107mi. W Oravskim Haju czeka na Was komfortowe zakwaterowanie, wy\u015bmienite jedzenie, relaks i nieograniczone mo\u017cliwo\u015bci wycieczek po okolicy i poza ni\u0105. <\/p>\n","protected":false},"excerpt":{"rendered":"<p>Je\u015bli zastanawiasz si\u0119: \u201eGdzie pojecha\u0107 z dzie\u0107mi na wakacje?\u201d, Orawa to jeden z najlepszych kierunk\u00f3w w Polsce i na S\u0142owacji. Ten malowniczy region oferuje mn\u00f3stwo mo\u017cliwo\u015bci odpoczynku i przyg\u00f3d dla ca\u0142ych rodzin. Po\u0142\u0105czenie pi\u0119knej przyrody, dost\u0119pnych atrakcji i rodzinnego zakwaterowania sprawia, \u017ce dzieci b\u0119d\u0105 si\u0119 \u015bwietnie bawi\u0107, a rodzice wreszcie odpoczn\u0105. Jednym z najciekawszych miejsc [&hellip;]<\/p>\n","protected":false},"author":1,"featured_media":12403,"comment_status":"closed","ping_status":"closed","sticky":false,"template":"","format":"standard","meta":{"_acf_changed":false,"inline_featured_image":false,"footnotes":""},"categories":[139],"tags":[],"class_list":["post-13156","post","type-post","status-publish","format-standard","has-post-thumbnail","hentry","category-pomysl-na-wycieczke"],"acf":[],"yoast_head":"<!-- This site is optimized with the Yoast SEO plugin v27.4 - https:\/\/yoast.com\/product\/yoast-seo-wordpress\/ -->\n<title>Gdzie wybra\u0107 si\u0119 z dzie\u0107mi podczas wakacji w Orave na S\u0142owacji? - Oravsk\u00fd H\u00e1j<\/title>\n<meta name=\"description\" content=\"Gdzie zabra\u0107 dzieci na wakacje na Orawie? Letnie wakacje na Orawie pe\u0142ne wra\u017ce\u0144 dla ca\u0142ej rodziny \u2013 przedstawiamy propozycje wycieczek z Oravskiego Haja.\" \/>\n<meta name=\"robots\" content=\"index, follow, max-snippet:-1, max-image-preview:large, max-video-preview:-1\" \/>\n<link rel=\"canonical\" href=\"https:\/\/www.oravskyhaj.sk\/pl\/gdzie-wybrac-sie-z-dziecmi-podczas-wakacji-w-orave-na-slowacji\/\" \/>\n<meta property=\"og:locale\" content=\"pl_PL\" \/>\n<meta property=\"og:type\" content=\"article\" \/>\n<meta property=\"og:title\" content=\"Gdzie wybra\u0107 si\u0119 z dzie\u0107mi podczas wakacji w Orave na S\u0142owacji? - Oravsk\u00fd H\u00e1j\" \/>\n<meta property=\"og:description\" content=\"Gdzie zabra\u0107 dzieci na wakacje na Orawie? Letnie wakacje na Orawie pe\u0142ne wra\u017ce\u0144 dla ca\u0142ej rodziny \u2013 przedstawiamy propozycje wycieczek z Oravskiego Haja.\" \/>\n<meta property=\"og:url\" content=\"https:\/\/www.oravskyhaj.sk\/pl\/gdzie-wybrac-sie-z-dziecmi-podczas-wakacji-w-orave-na-slowacji\/\" \/>\n<meta property=\"og:site_name\" content=\"Oravsk\u00fd H\u00e1j\" \/>\n<meta property=\"article:publisher\" content=\"https:\/\/www.facebook.com\/OravskyHajHotel\/\" \/>\n<meta property=\"article:published_time\" content=\"2025-07-04T06:45:11+00:00\" \/>\n<meta property=\"og:image\" content=\"https:\/\/www.oravskyhaj.sk\/wp-content\/uploads\/2025\/07\/Kam-s-detmi-cez-letne-prazdniny-bicyklovanie.jpg\" \/>\n\t<meta property=\"og:image:width\" content=\"2560\" \/>\n\t<meta property=\"og:image:height\" content=\"1678\" \/>\n\t<meta property=\"og:image:type\" content=\"image\/jpeg\" \/>\n<meta name=\"author\" content=\"Oravsk\u00fd H\u00e1j\" \/>\n<meta name=\"twitter:card\" content=\"summary_large_image\" \/>\n<meta name=\"twitter:label1\" content=\"Napisane przez\" \/>\n\t<meta name=\"twitter:data1\" content=\"Oravsk\u00fd H\u00e1j\" \/>\n\t<meta name=\"twitter:label2\" content=\"Szacowany czas czytania\" \/>\n\t<meta name=\"twitter:data2\" content=\"5 minut\" \/>\n<script type=\"application\/ld+json\" class=\"yoast-schema-graph\">{\"@context\":\"https:\\\/\\\/schema.org\",\"@graph\":[{\"@type\":\"Article\",\"@id\":\"https:\\\/\\\/www.oravskyhaj.sk\\\/pl\\\/gdzie-wybrac-sie-z-dziecmi-podczas-wakacji-w-orave-na-slowacji\\\/#article\",\"isPartOf\":{\"@id\":\"https:\\\/\\\/www.oravskyhaj.sk\\\/pl\\\/gdzie-wybrac-sie-z-dziecmi-podczas-wakacji-w-orave-na-slowacji\\\/\"},\"author\":{\"name\":\"Oravsk\u00fd H\u00e1j\",\"@id\":\"https:\\\/\\\/www.oravskyhaj.sk\\\/pl\\\/#\\\/schema\\\/person\\\/dc91ec671d9ee162accf02751ed7d856\"},\"headline\":\"Gdzie wybra\u0107 si\u0119 z dzie\u0107mi podczas wakacji w Orave na S\u0142owacji?\",\"datePublished\":\"2025-07-04T06:45:11+00:00\",\"mainEntityOfPage\":{\"@id\":\"https:\\\/\\\/www.oravskyhaj.sk\\\/pl\\\/gdzie-wybrac-sie-z-dziecmi-podczas-wakacji-w-orave-na-slowacji\\\/\"},\"wordCount\":952,\"publisher\":{\"@id\":\"https:\\\/\\\/www.oravskyhaj.sk\\\/pl\\\/#organization\"},\"image\":{\"@id\":\"https:\\\/\\\/www.oravskyhaj.sk\\\/pl\\\/gdzie-wybrac-sie-z-dziecmi-podczas-wakacji-w-orave-na-slowacji\\\/#primaryimage\"},\"thumbnailUrl\":\"https:\\\/\\\/www.oravskyhaj.sk\\\/wp-content\\\/uploads\\\/2025\\\/07\\\/Kam-s-detmi-cez-letne-prazdniny-bicyklovanie.jpg\",\"articleSection\":[\"Pomys\u0142 na wycieczk\u0119\"],\"inLanguage\":\"pl-PL\"},{\"@type\":\"WebPage\",\"@id\":\"https:\\\/\\\/www.oravskyhaj.sk\\\/pl\\\/gdzie-wybrac-sie-z-dziecmi-podczas-wakacji-w-orave-na-slowacji\\\/\",\"url\":\"https:\\\/\\\/www.oravskyhaj.sk\\\/pl\\\/gdzie-wybrac-sie-z-dziecmi-podczas-wakacji-w-orave-na-slowacji\\\/\",\"name\":\"Gdzie wybra\u0107 si\u0119 z dzie\u0107mi podczas wakacji w Orave na S\u0142owacji? - Oravsk\u00fd H\u00e1j\",\"isPartOf\":{\"@id\":\"https:\\\/\\\/www.oravskyhaj.sk\\\/pl\\\/#website\"},\"primaryImageOfPage\":{\"@id\":\"https:\\\/\\\/www.oravskyhaj.sk\\\/pl\\\/gdzie-wybrac-sie-z-dziecmi-podczas-wakacji-w-orave-na-slowacji\\\/#primaryimage\"},\"image\":{\"@id\":\"https:\\\/\\\/www.oravskyhaj.sk\\\/pl\\\/gdzie-wybrac-sie-z-dziecmi-podczas-wakacji-w-orave-na-slowacji\\\/#primaryimage\"},\"thumbnailUrl\":\"https:\\\/\\\/www.oravskyhaj.sk\\\/wp-content\\\/uploads\\\/2025\\\/07\\\/Kam-s-detmi-cez-letne-prazdniny-bicyklovanie.jpg\",\"datePublished\":\"2025-07-04T06:45:11+00:00\",\"description\":\"Gdzie zabra\u0107 dzieci na wakacje na Orawie? Letnie wakacje na Orawie pe\u0142ne wra\u017ce\u0144 dla ca\u0142ej rodziny \u2013 przedstawiamy propozycje wycieczek z Oravskiego Haja.\",\"breadcrumb\":{\"@id\":\"https:\\\/\\\/www.oravskyhaj.sk\\\/pl\\\/gdzie-wybrac-sie-z-dziecmi-podczas-wakacji-w-orave-na-slowacji\\\/#breadcrumb\"},\"inLanguage\":\"pl-PL\",\"potentialAction\":[{\"@type\":\"ReadAction\",\"target\":[\"https:\\\/\\\/www.oravskyhaj.sk\\\/pl\\\/gdzie-wybrac-sie-z-dziecmi-podczas-wakacji-w-orave-na-slowacji\\\/\"]}]},{\"@type\":\"ImageObject\",\"inLanguage\":\"pl-PL\",\"@id\":\"https:\\\/\\\/www.oravskyhaj.sk\\\/pl\\\/gdzie-wybrac-sie-z-dziecmi-podczas-wakacji-w-orave-na-slowacji\\\/#primaryimage\",\"url\":\"https:\\\/\\\/www.oravskyhaj.sk\\\/wp-content\\\/uploads\\\/2025\\\/07\\\/Kam-s-detmi-cez-letne-prazdniny-bicyklovanie.jpg\",\"contentUrl\":\"https:\\\/\\\/www.oravskyhaj.sk\\\/wp-content\\\/uploads\\\/2025\\\/07\\\/Kam-s-detmi-cez-letne-prazdniny-bicyklovanie.jpg\",\"width\":2560,\"height\":1678,\"caption\":\"Kam s de\u0165mi cez letn\u00e9 pr\u00e1zdniny bicyklovanie\"},{\"@type\":\"BreadcrumbList\",\"@id\":\"https:\\\/\\\/www.oravskyhaj.sk\\\/pl\\\/gdzie-wybrac-sie-z-dziecmi-podczas-wakacji-w-orave-na-slowacji\\\/#breadcrumb\",\"itemListElement\":[{\"@type\":\"ListItem\",\"position\":1,\"name\":\"Home\",\"item\":\"https:\\\/\\\/www.oravskyhaj.sk\\\/pl\\\/\"},{\"@type\":\"ListItem\",\"position\":2,\"name\":\"Gdzie wybra\u0107 si\u0119 z dzie\u0107mi podczas wakacji w Orave na S\u0142owacji?\"}]},{\"@type\":\"WebSite\",\"@id\":\"https:\\\/\\\/www.oravskyhaj.sk\\\/pl\\\/#website\",\"url\":\"https:\\\/\\\/www.oravskyhaj.sk\\\/pl\\\/\",\"name\":\"Oravsk\u00fd H\u00e1j\",\"description\":\"Garden Hotel &amp; Resort\",\"publisher\":{\"@id\":\"https:\\\/\\\/www.oravskyhaj.sk\\\/pl\\\/#organization\"},\"potentialAction\":[{\"@type\":\"SearchAction\",\"target\":{\"@type\":\"EntryPoint\",\"urlTemplate\":\"https:\\\/\\\/www.oravskyhaj.sk\\\/pl\\\/?s={search_term_string}\"},\"query-input\":{\"@type\":\"PropertyValueSpecification\",\"valueRequired\":true,\"valueName\":\"search_term_string\"}}],\"inLanguage\":\"pl-PL\"},{\"@type\":\"Organization\",\"@id\":\"https:\\\/\\\/www.oravskyhaj.sk\\\/pl\\\/#organization\",\"name\":\"Oravsk\u00fd H\u00e1j\",\"url\":\"https:\\\/\\\/www.oravskyhaj.sk\\\/pl\\\/\",\"logo\":{\"@type\":\"ImageObject\",\"inLanguage\":\"pl-PL\",\"@id\":\"https:\\\/\\\/www.oravskyhaj.sk\\\/pl\\\/#\\\/schema\\\/logo\\\/image\\\/\",\"url\":\"https:\\\/\\\/www.oravskyhaj.sk\\\/wp-content\\\/uploads\\\/2026\\\/04\\\/oravsky-haj-logo-april-2026.png\",\"contentUrl\":\"https:\\\/\\\/www.oravskyhaj.sk\\\/wp-content\\\/uploads\\\/2026\\\/04\\\/oravsky-haj-logo-april-2026.png\",\"width\":800,\"height\":346,\"caption\":\"Oravsk\u00fd H\u00e1j\"},\"image\":{\"@id\":\"https:\\\/\\\/www.oravskyhaj.sk\\\/pl\\\/#\\\/schema\\\/logo\\\/image\\\/\"},\"sameAs\":[\"https:\\\/\\\/www.facebook.com\\\/OravskyHajHotel\\\/\",\"https:\\\/\\\/www.instagram.com\\\/oravskyhaj\\\/\"]},{\"@type\":\"Person\",\"@id\":\"https:\\\/\\\/www.oravskyhaj.sk\\\/pl\\\/#\\\/schema\\\/person\\\/dc91ec671d9ee162accf02751ed7d856\",\"name\":\"Oravsk\u00fd H\u00e1j\",\"sameAs\":[\"https:\\\/\\\/www.oravskyhaj.sk\"],\"url\":\"https:\\\/\\\/www.oravskyhaj.sk\\\/pl\\\/author\\\/oh_administrator\\\/\"}]}<\/script>\n<!-- \/ Yoast SEO plugin. -->","yoast_head_json":{"title":"Gdzie wybra\u0107 si\u0119 z dzie\u0107mi podczas wakacji w Orave na S\u0142owacji? - Oravsk\u00fd H\u00e1j","description":"Gdzie zabra\u0107 dzieci na wakacje na Orawie? Letnie wakacje na Orawie pe\u0142ne wra\u017ce\u0144 dla ca\u0142ej rodziny \u2013 przedstawiamy propozycje wycieczek z Oravskiego Haja.","robots":{"index":"index","follow":"follow","max-snippet":"max-snippet:-1","max-image-preview":"max-image-preview:large","max-video-preview":"max-video-preview:-1"},"canonical":"https:\/\/www.oravskyhaj.sk\/pl\/gdzie-wybrac-sie-z-dziecmi-podczas-wakacji-w-orave-na-slowacji\/","og_locale":"pl_PL","og_type":"article","og_title":"Gdzie wybra\u0107 si\u0119 z dzie\u0107mi podczas wakacji w Orave na S\u0142owacji? - Oravsk\u00fd H\u00e1j","og_description":"Gdzie zabra\u0107 dzieci na wakacje na Orawie? Letnie wakacje na Orawie pe\u0142ne wra\u017ce\u0144 dla ca\u0142ej rodziny \u2013 przedstawiamy propozycje wycieczek z Oravskiego Haja.","og_url":"https:\/\/www.oravskyhaj.sk\/pl\/gdzie-wybrac-sie-z-dziecmi-podczas-wakacji-w-orave-na-slowacji\/","og_site_name":"Oravsk\u00fd H\u00e1j","article_publisher":"https:\/\/www.facebook.com\/OravskyHajHotel\/","article_published_time":"2025-07-04T06:45:11+00:00","og_image":[{"width":2560,"height":1678,"url":"https:\/\/www.oravskyhaj.sk\/wp-content\/uploads\/2025\/07\/Kam-s-detmi-cez-letne-prazdniny-bicyklovanie.jpg","type":"image\/jpeg"}],"author":"Oravsk\u00fd H\u00e1j","twitter_card":"summary_large_image","twitter_misc":{"Napisane przez":"Oravsk\u00fd H\u00e1j","Szacowany czas czytania":"5 minut"},"schema":{"@context":"https:\/\/schema.org","@graph":[{"@type":"Article","@id":"https:\/\/www.oravskyhaj.sk\/pl\/gdzie-wybrac-sie-z-dziecmi-podczas-wakacji-w-orave-na-slowacji\/#article","isPartOf":{"@id":"https:\/\/www.oravskyhaj.sk\/pl\/gdzie-wybrac-sie-z-dziecmi-podczas-wakacji-w-orave-na-slowacji\/"},"author":{"name":"Oravsk\u00fd H\u00e1j","@id":"https:\/\/www.oravskyhaj.sk\/pl\/#\/schema\/person\/dc91ec671d9ee162accf02751ed7d856"},"headline":"Gdzie wybra\u0107 si\u0119 z dzie\u0107mi podczas wakacji w Orave na S\u0142owacji?","datePublished":"2025-07-04T06:45:11+00:00","mainEntityOfPage":{"@id":"https:\/\/www.oravskyhaj.sk\/pl\/gdzie-wybrac-sie-z-dziecmi-podczas-wakacji-w-orave-na-slowacji\/"},"wordCount":952,"publisher":{"@id":"https:\/\/www.oravskyhaj.sk\/pl\/#organization"},"image":{"@id":"https:\/\/www.oravskyhaj.sk\/pl\/gdzie-wybrac-sie-z-dziecmi-podczas-wakacji-w-orave-na-slowacji\/#primaryimage"},"thumbnailUrl":"https:\/\/www.oravskyhaj.sk\/wp-content\/uploads\/2025\/07\/Kam-s-detmi-cez-letne-prazdniny-bicyklovanie.jpg","articleSection":["Pomys\u0142 na wycieczk\u0119"],"inLanguage":"pl-PL"},{"@type":"WebPage","@id":"https:\/\/www.oravskyhaj.sk\/pl\/gdzie-wybrac-sie-z-dziecmi-podczas-wakacji-w-orave-na-slowacji\/","url":"https:\/\/www.oravskyhaj.sk\/pl\/gdzie-wybrac-sie-z-dziecmi-podczas-wakacji-w-orave-na-slowacji\/","name":"Gdzie wybra\u0107 si\u0119 z dzie\u0107mi podczas wakacji w Orave na S\u0142owacji? - Oravsk\u00fd H\u00e1j","isPartOf":{"@id":"https:\/\/www.oravskyhaj.sk\/pl\/#website"},"primaryImageOfPage":{"@id":"https:\/\/www.oravskyhaj.sk\/pl\/gdzie-wybrac-sie-z-dziecmi-podczas-wakacji-w-orave-na-slowacji\/#primaryimage"},"image":{"@id":"https:\/\/www.oravskyhaj.sk\/pl\/gdzie-wybrac-sie-z-dziecmi-podczas-wakacji-w-orave-na-slowacji\/#primaryimage"},"thumbnailUrl":"https:\/\/www.oravskyhaj.sk\/wp-content\/uploads\/2025\/07\/Kam-s-detmi-cez-letne-prazdniny-bicyklovanie.jpg","datePublished":"2025-07-04T06:45:11+00:00","description":"Gdzie zabra\u0107 dzieci na wakacje na Orawie? Letnie wakacje na Orawie pe\u0142ne wra\u017ce\u0144 dla ca\u0142ej rodziny \u2013 przedstawiamy propozycje wycieczek z Oravskiego Haja.","breadcrumb":{"@id":"https:\/\/www.oravskyhaj.sk\/pl\/gdzie-wybrac-sie-z-dziecmi-podczas-wakacji-w-orave-na-slowacji\/#breadcrumb"},"inLanguage":"pl-PL","potentialAction":[{"@type":"ReadAction","target":["https:\/\/www.oravskyhaj.sk\/pl\/gdzie-wybrac-sie-z-dziecmi-podczas-wakacji-w-orave-na-slowacji\/"]}]},{"@type":"ImageObject","inLanguage":"pl-PL","@id":"https:\/\/www.oravskyhaj.sk\/pl\/gdzie-wybrac-sie-z-dziecmi-podczas-wakacji-w-orave-na-slowacji\/#primaryimage","url":"https:\/\/www.oravskyhaj.sk\/wp-content\/uploads\/2025\/07\/Kam-s-detmi-cez-letne-prazdniny-bicyklovanie.jpg","contentUrl":"https:\/\/www.oravskyhaj.sk\/wp-content\/uploads\/2025\/07\/Kam-s-detmi-cez-letne-prazdniny-bicyklovanie.jpg","width":2560,"height":1678,"caption":"Kam s de\u0165mi cez letn\u00e9 pr\u00e1zdniny bicyklovanie"},{"@type":"BreadcrumbList","@id":"https:\/\/www.oravskyhaj.sk\/pl\/gdzie-wybrac-sie-z-dziecmi-podczas-wakacji-w-orave-na-slowacji\/#breadcrumb","itemListElement":[{"@type":"ListItem","position":1,"name":"Home","item":"https:\/\/www.oravskyhaj.sk\/pl\/"},{"@type":"ListItem","position":2,"name":"Gdzie wybra\u0107 si\u0119 z dzie\u0107mi podczas wakacji w Orave na S\u0142owacji?"}]},{"@type":"WebSite","@id":"https:\/\/www.oravskyhaj.sk\/pl\/#website","url":"https:\/\/www.oravskyhaj.sk\/pl\/","name":"Oravsk\u00fd H\u00e1j","description":"Garden Hotel &amp; Resort","publisher":{"@id":"https:\/\/www.oravskyhaj.sk\/pl\/#organization"},"potentialAction":[{"@type":"SearchAction","target":{"@type":"EntryPoint","urlTemplate":"https:\/\/www.oravskyhaj.sk\/pl\/?s={search_term_string}"},"query-input":{"@type":"PropertyValueSpecification","valueRequired":true,"valueName":"search_term_string"}}],"inLanguage":"pl-PL"},{"@type":"Organization","@id":"https:\/\/www.oravskyhaj.sk\/pl\/#organization","name":"Oravsk\u00fd H\u00e1j","url":"https:\/\/www.oravskyhaj.sk\/pl\/","logo":{"@type":"ImageObject","inLanguage":"pl-PL","@id":"https:\/\/www.oravskyhaj.sk\/pl\/#\/schema\/logo\/image\/","url":"https:\/\/www.oravskyhaj.sk\/wp-content\/uploads\/2026\/04\/oravsky-haj-logo-april-2026.png","contentUrl":"https:\/\/www.oravskyhaj.sk\/wp-content\/uploads\/2026\/04\/oravsky-haj-logo-april-2026.png","width":800,"height":346,"caption":"Oravsk\u00fd H\u00e1j"},"image":{"@id":"https:\/\/www.oravskyhaj.sk\/pl\/#\/schema\/logo\/image\/"},"sameAs":["https:\/\/www.facebook.com\/OravskyHajHotel\/","https:\/\/www.instagram.com\/oravskyhaj\/"]},{"@type":"Person","@id":"https:\/\/www.oravskyhaj.sk\/pl\/#\/schema\/person\/dc91ec671d9ee162accf02751ed7d856","name":"Oravsk\u00fd H\u00e1j","sameAs":["https:\/\/www.oravskyhaj.sk"],"url":"https:\/\/www.oravskyhaj.sk\/pl\/author\/oh_administrator\/"}]}},"_links":{"self":[{"href":"https:\/\/www.oravskyhaj.sk\/pl\/wp-json\/wp\/v2\/posts\/13156","targetHints":{"allow":["GET"]}}],"collection":[{"href":"https:\/\/www.oravskyhaj.sk\/pl\/wp-json\/wp\/v2\/posts"}],"about":[{"href":"https:\/\/www.oravskyhaj.sk\/pl\/wp-json\/wp\/v2\/types\/post"}],"author":[{"embeddable":true,"href":"https:\/\/www.oravskyhaj.sk\/pl\/wp-json\/wp\/v2\/users\/1"}],"replies":[{"embeddable":true,"href":"https:\/\/www.oravskyhaj.sk\/pl\/wp-json\/wp\/v2\/comments?post=13156"}],"version-history":[{"count":0,"href":"https:\/\/www.oravskyhaj.sk\/pl\/wp-json\/wp\/v2\/posts\/13156\/revisions"}],"wp:featuredmedia":[{"embeddable":true,"href":"https:\/\/www.oravskyhaj.sk\/pl\/wp-json\/wp\/v2\/media\/12403"}],"wp:attachment":[{"href":"https:\/\/www.oravskyhaj.sk\/pl\/wp-json\/wp\/v2\/media?parent=13156"}],"wp:term":[{"taxonomy":"category","embeddable":true,"href":"https:\/\/www.oravskyhaj.sk\/pl\/wp-json\/wp\/v2\/categories?post=13156"},{"taxonomy":"post_tag","embeddable":true,"href":"https:\/\/www.oravskyhaj.sk\/pl\/wp-json\/wp\/v2\/tags?post=13156"}],"curies":[{"name":"wp","href":"https:\/\/api.w.org\/{rel}","templated":true}]}}